{"id":6912,"date":"2026-04-21T10:01:33","date_gmt":"2026-04-21T08:01:33","guid":{"rendered":"https:\/\/hungerprojekt.ch\/?p=6912"},"modified":"2026-04-21T10:01:33","modified_gmt":"2026-04-21T08:01:33","slug":"yoga-mit-wirkung","status":"publish","type":"post","link":"https:\/\/hungerprojekt.ch\/de\/2026\/04\/21\/yoga-mit-wirkung\/","title":{"rendered":"Yoga mit Wirkung"},"content":{"rendered":"<p>&nbsp;<\/p>\n<p>Sch\u00f6n, dass Du mit uns Yoga machen m\u00f6chtest! Das Yoga Projekt wurde von Carine Buser in Kooperation mit dem Hunger Projekt Schweiz ins Leben gerufen und findet am <span style=\"color: #0000aa;\"><strong>31. Mai von 11h00 bis ca. 12h00 online<\/strong> <\/span>statt. Es handelt sich dabei um ein <span style=\"color: #0000aa;\"><strong>Charity Event:<\/strong><\/span> Alle sind herzlich willkommen und k\u00f6nnen den Betrag geben, der f\u00fcr sie m\u00f6glich ist. S\u00e4mtliche Ertr\u00e4ge werden an das Hunger Projekt Schweiz gespendet und f\u00fcr verschiedene Projekte in Benin und Burkina Faso eingesetzt. Gemeinsam schaffen wir so eine gerechtere Welt und leisten einen wertvollen Beitrag zur Ern\u00e4hrungssicherheit. Wir freuen uns \u00fcber deine Teilnahme an dieser Yoga-Stunde gegen den Welthunger!<\/p>\n<p><span style=\"color: #0000aa;\"><strong><a style=\"color: #0000aa;\" href=\"https:\/\/docs.google.com\/forms\/d\/e\/1FAIpQLSfJlqlRJpFgzJmtP8M_z6ObL7cfWs8QAiAkyl6J-6ryCkZqaA\/viewform?usp=sharing&amp;ouid=106103094575225502263\">Hier geht\u2019s zur Anmeldung.\u00a0<\/a><\/strong><\/span><\/p>\n","protected":false},"excerpt":{"rendered":"<p>&nbsp; Sch\u00f6n, dass Du mit uns Yoga machen m\u00f6chtest! Das Yoga Projekt wurde von Carine Buser in Kooperation mit dem Hunger Projekt Schweiz ins Leben gerufen und findet am 31. Mai von 11h00 bis ca. 12h00 online statt. Es handelt sich dabei um ein Charity&#8230;<\/p>\n","protected":false},"author":3,"featured_media":6767,"comment_status":"open","ping_status":"open","sticky":false,"template":"","format":"standard","meta":{"inline_featured_image":false,"footnotes":""},"categories":[1],"tags":[],"class_list":["post-6912","post","type-post","status-publish","format-standard","has-post-thumbnail","hentry","category-unkategorisiert"],"_links":{"self":[{"href":"https:\/\/hungerprojekt.ch\/de\/wp-json\/wp\/v2\/posts\/6912","targetHints":{"allow":["GET"]}}],"collection":[{"href":"https:\/\/hungerprojekt.ch\/de\/wp-json\/wp\/v2\/posts"}],"about":[{"href":"https:\/\/hungerprojekt.ch\/de\/wp-json\/wp\/v2\/types\/post"}],"author":[{"embeddable":true,"href":"https:\/\/hungerprojekt.ch\/de\/wp-json\/wp\/v2\/users\/3"}],"replies":[{"embeddable":true,"href":"https:\/\/hungerprojekt.ch\/de\/wp-json\/wp\/v2\/comments?post=6912"}],"version-history":[{"count":1,"href":"https:\/\/hungerprojekt.ch\/de\/wp-json\/wp\/v2\/posts\/6912\/revisions"}],"predecessor-version":[{"id":6918,"href":"https:\/\/hungerprojekt.ch\/de\/wp-json\/wp\/v2\/posts\/6912\/revisions\/6918"}],"wp:featuredmedia":[{"embeddable":true,"href":"https:\/\/hungerprojekt.ch\/de\/wp-json\/wp\/v2\/media\/6767"}],"wp:attachment":[{"href":"https:\/\/hungerprojekt.ch\/de\/wp-json\/wp\/v2\/media?parent=6912"}],"wp:term":[{"taxonomy":"category","embeddable":true,"href":"https:\/\/hungerprojekt.ch\/de\/wp-json\/wp\/v2\/categories?post=6912"},{"taxonomy":"post_tag","embeddable":true,"href":"https:\/\/hungerprojekt.ch\/de\/wp-json\/wp\/v2\/tags?post=6912"}],"curies":[{"name":"wp","href":"https:\/\/api.w.org\/{rel}","templated":true}]}}