{"id":7153,"date":"2026-06-10T11:36:13","date_gmt":"2026-06-10T09:36:13","guid":{"rendered":"https:\/\/hungerprojekt.ch\/?p=7153"},"modified":"2026-06-10T11:36:13","modified_gmt":"2026-06-10T09:36:13","slug":"neu-erschienen-unser-jahresbericht-2025-ist-da","status":"publish","type":"post","link":"https:\/\/hungerprojekt.ch\/de\/2026\/06\/10\/neu-erschienen-unser-jahresbericht-2025-ist-da\/","title":{"rendered":"Neu erschienen: Unser Jahresbericht 2025 ist da!"},"content":{"rendered":"<p>&nbsp;<\/p>\n<p><strong>Ein Jahr voller Meilensteine: Gemeinsam mit unseren Unterst\u00fctzer:innen konnten wir im vergangenen Jahr einen bedeutenden Beitrag zur \u00dcberwindung von chronischem Hunger und extremer Armut leisten. Unser soeben ver\u00f6ffentlichter Jahresbericht 2025 &#8222;Eine Welt ohne Hunger: Unser Moment ist jetzt&#8220; macht diese Erfolge sichtbar.<\/strong><\/p>\n<p>Der Bericht bietet einen transparenten Einblick in die Ergebnisse und erz\u00e4hlt die Geschichten von Menschen, neuen Perspektiven und konkreter Wirkung vor Ort. Das erwartet Sie im Bericht:<\/p>\n<ul>\n<li><strong data-sfc-root=\"c\" data-sfc-cb=\"\" data-complete=\"true\" data-copy-service-computed-style=\"font-family: Google Sans, Arial, sans-serif; font-size: 16px; font-weight: 600; margin: 0px; text-decoration: none; border-bottom: 0px rgb(230, 232, 240);\"><span data-sfc-cp=\"\" data-sfc-root=\"c\" data-sfc-cb=\"\" data-complete=\"true\" data-copy-service-computed-style=\"font-family: Google Sans, Arial, sans-serif; font-size: 16px; font-weight: 400; margin: 0px; text-decoration: none; border-bottom: 0px rgb(230, 232, 240);\">Pers\u00f6nliche Geschichten: <\/span><\/strong>Lernen Sie Menschen kennen, die durch die Teilnahme an einem unserer Programme neue Hoffnung und Perspektiven sch\u00f6pfen konnten.<\/li>\n<li><strong data-sfc-root=\"c\" data-sfc-cb=\"\" data-complete=\"true\" data-copy-service-computed-style=\"font-family: Google Sans, Arial, sans-serif; font-size: 16px; font-weight: 600; margin: 0px; text-decoration: none; border-bottom: 0px rgb(230, 232, 240);\"><span data-sfc-cp=\"\" data-sfc-root=\"c\" data-sfc-cb=\"\" data-complete=\"true\" data-copy-service-computed-style=\"font-family: Google Sans, Arial, sans-serif; font-size: 16px; font-weight: 400; margin: 0px; text-decoration: none; border-bottom: 0px rgb(230, 232, 240);\">Einblicke in unsere Programml\u00e4nder: <\/span><\/strong>Entdecken Sie unsere Projekte in Benin und Burkina Faso \u2013 von der Shea-Butter-Produktion bis zum Anbau klimaresilienter S\u00fcsskartoffeln.<\/li>\n<li><strong data-sfc-root=\"c\" data-sfc-cb=\"\" data-complete=\"true\" data-copy-service-computed-style=\"font-family: Google Sans, Arial, sans-serif; font-size: 16px; font-weight: 600; margin: 0px; text-decoration: none; border-bottom: 0px rgb(230, 232, 240);\"><span data-sfc-cp=\"\" data-sfc-root=\"c\" data-sfc-cb=\"\" data-complete=\"true\" data-copy-service-computed-style=\"font-family: Google Sans, Arial, sans-serif; font-size: 16px; font-weight: 400; margin: 0px; text-decoration: none; border-bottom: 0px rgb(230, 232, 240);\">Ausblick auf die Zukunft: <\/span><\/strong>Lesen Sie, wie wir unsere Arbeit weiterentwickeln und neue Initiativen in Ghana und Sambia aufbauen.<\/li>\n<\/ul>\n<p>&nbsp;<\/p>\n<p>Tauchen Sie ein in die Highlights des vergangenen Jahres und sehen Sie, was Ihre Unterst\u00fctzung bewirkt.<\/p>\n<p><strong><span style=\"color: #0000aa;\">\ud83d\udc49<\/span><\/strong><a href=\"https:\/\/hungerprojekt.ch\/wp-content\/uploads\/2026\/06\/Jahresbericht_2025.pdf\"><strong><span style=\"color: #0000aa;\">\u00a0Jahresbericht 2025<\/span><\/strong><\/a>.<\/p>\n<p><span style=\"color: #0000aa;\">\u00a0<\/span><\/p>\n","protected":false},"excerpt":{"rendered":"<p>&nbsp; Ein Jahr voller Meilensteine: Gemeinsam mit unseren Unterst\u00fctzer:innen konnten wir im vergangenen Jahr einen bedeutenden Beitrag zur \u00dcberwindung von chronischem Hunger und extremer Armut leisten. Unser soeben ver\u00f6ffentlichter Jahresbericht 2025 &#8222;Eine Welt ohne Hunger: Unser Moment ist jetzt&#8220; macht diese Erfolge sichtbar. Der Bericht&#8230;<\/p>\n","protected":false},"author":3,"featured_media":7127,"comment_status":"open","ping_status":"open","sticky":false,"template":"","format":"standard","meta":{"inline_featured_image":false,"footnotes":""},"categories":[1],"tags":[],"class_list":["post-7153","post","type-post","status-publish","format-standard","has-post-thumbnail","hentry","category-unkategorisiert"],"_links":{"self":[{"href":"https:\/\/hungerprojekt.ch\/de\/wp-json\/wp\/v2\/posts\/7153","targetHints":{"allow":["GET"]}}],"collection":[{"href":"https:\/\/hungerprojekt.ch\/de\/wp-json\/wp\/v2\/posts"}],"about":[{"href":"https:\/\/hungerprojekt.ch\/de\/wp-json\/wp\/v2\/types\/post"}],"author":[{"embeddable":true,"href":"https:\/\/hungerprojekt.ch\/de\/wp-json\/wp\/v2\/users\/3"}],"replies":[{"embeddable":true,"href":"https:\/\/hungerprojekt.ch\/de\/wp-json\/wp\/v2\/comments?post=7153"}],"version-history":[{"count":8,"href":"https:\/\/hungerprojekt.ch\/de\/wp-json\/wp\/v2\/posts\/7153\/revisions"}],"predecessor-version":[{"id":7161,"href":"https:\/\/hungerprojekt.ch\/de\/wp-json\/wp\/v2\/posts\/7153\/revisions\/7161"}],"wp:featuredmedia":[{"embeddable":true,"href":"https:\/\/hungerprojekt.ch\/de\/wp-json\/wp\/v2\/media\/7127"}],"wp:attachment":[{"href":"https:\/\/hungerprojekt.ch\/de\/wp-json\/wp\/v2\/media?parent=7153"}],"wp:term":[{"taxonomy":"category","embeddable":true,"href":"https:\/\/hungerprojekt.ch\/de\/wp-json\/wp\/v2\/categories?post=7153"},{"taxonomy":"post_tag","embeddable":true,"href":"https:\/\/hungerprojekt.ch\/de\/wp-json\/wp\/v2\/tags?post=7153"}],"curies":[{"name":"wp","href":"https:\/\/api.w.org\/{rel}","templated":true}]}}