{"id":959,"date":"2019-12-23T16:37:01","date_gmt":"2019-12-23T15:37:01","guid":{"rendered":"https:\/\/hungerprojekt.ch\/?p=959"},"modified":"2020-11-23T17:31:34","modified_gmt":"2020-11-23T16:31:34","slug":"reisebericht-aus-aethiopien-2019","status":"publish","type":"post","link":"https:\/\/hungerprojekt.ch\/de\/2019\/12\/23\/reisebericht-aus-aethiopien-2019\/","title":{"rendered":"Reisebericht aus \u00c4thiopien 2019"},"content":{"rendered":"<div class=\"npobject\">\n<div class=\"nplead\">\n<p>Aufgrund einer Investition von 463.602 USD in die letzte Phase f\u00fcr das Epicenter in Mesqan and Jaldu wurde im November 2019 vor Ort eine Evaluation der Programme durchgef\u00fchrt. Erhalten Sie hier Einblick in den spannenden Bericht.<\/p>\n<\/div>\n<\/div>\n<p>&nbsp;<\/p>\n<p><span style=\"text-decoration: underline;\"><a href=\"\/wp-content\/uploads\/2020\/11\/mission_report_ethiopia_2019-1.pdf\" target=\"_blank\" rel=\"noopener noreferrer\">Reisebericht \u00c4thiopien 2019 (EN)<\/a><\/span><\/p>\n","protected":false},"excerpt":{"rendered":"<p>Aufgrund einer Investition von 463.602 USD in die letzte Phase f\u00fcr das Epicenter in Mesqan and Jaldu wurde im November 2019 vor Ort eine Evaluation der Programme durchgef\u00fchrt. Erhalten Sie hier Einblick in den spannenden Bericht. &nbsp; Reisebericht \u00c4thiopien 2019 (EN)<\/p>\n","protected":false},"author":1,"featured_media":960,"comment_status":"open","ping_status":"open","sticky":false,"template":"","format":"standard","meta":{"inline_featured_image":false,"footnotes":""},"categories":[1],"tags":[],"class_list":["post-959","post","type-post","status-publish","format-standard","has-post-thumbnail","hentry","category-unkategorisiert"],"_links":{"self":[{"href":"https:\/\/hungerprojekt.ch\/de\/wp-json\/wp\/v2\/posts\/959","targetHints":{"allow":["GET"]}}],"collection":[{"href":"https:\/\/hungerprojekt.ch\/de\/wp-json\/wp\/v2\/posts"}],"about":[{"href":"https:\/\/hungerprojekt.ch\/de\/wp-json\/wp\/v2\/types\/post"}],"author":[{"embeddable":true,"href":"https:\/\/hungerprojekt.ch\/de\/wp-json\/wp\/v2\/users\/1"}],"replies":[{"embeddable":true,"href":"https:\/\/hungerprojekt.ch\/de\/wp-json\/wp\/v2\/comments?post=959"}],"version-history":[{"count":3,"href":"https:\/\/hungerprojekt.ch\/de\/wp-json\/wp\/v2\/posts\/959\/revisions"}],"predecessor-version":[{"id":968,"href":"https:\/\/hungerprojekt.ch\/de\/wp-json\/wp\/v2\/posts\/959\/revisions\/968"}],"wp:featuredmedia":[{"embeddable":true,"href":"https:\/\/hungerprojekt.ch\/de\/wp-json\/wp\/v2\/media\/960"}],"wp:attachment":[{"href":"https:\/\/hungerprojekt.ch\/de\/wp-json\/wp\/v2\/media?parent=959"}],"wp:term":[{"taxonomy":"category","embeddable":true,"href":"https:\/\/hungerprojekt.ch\/de\/wp-json\/wp\/v2\/categories?post=959"},{"taxonomy":"post_tag","embeddable":true,"href":"https:\/\/hungerprojekt.ch\/de\/wp-json\/wp\/v2\/tags?post=959"}],"curies":[{"name":"wp","href":"https:\/\/api.w.org\/{rel}","templated":true}]}}