{"id":4851,"date":"2024-05-22T15:22:34","date_gmt":"2024-05-22T13:22:34","guid":{"rendered":"https:\/\/hungerprojekt.ch\/?p=4851"},"modified":"2024-05-22T15:32:29","modified_gmt":"2024-05-22T13:32:29","slug":"message-from-the-new-co-presidents-of-the-board-of-thp-switzerland","status":"publish","type":"post","link":"https:\/\/hungerprojekt.ch\/en\/2024\/05\/22\/message-from-the-new-co-presidents-of-the-board-of-thp-switzerland\/","title":{"rendered":"Message from the new Co-Presidents of the Board of THP Switzerland"},"content":{"rendered":"<p>&nbsp;<\/p>\n<div id=\"attachment_4837\" style=\"width: 596px\" class=\"wp-caption alignleft\"><img fetchpriority=\"high\" decoding=\"async\" aria-describedby=\"caption-attachment-4837\" class=\" wp-image-4837\" src=\"https:\/\/hungerprojekt.ch\/wp-content\/uploads\/2024\/05\/IMG_1588-300x225.jpeg\" alt=\"\" width=\"586\" height=\"439\" srcset=\"https:\/\/hungerprojekt.ch\/wp-content\/uploads\/2024\/05\/IMG_1588-300x225.jpeg 300w, https:\/\/hungerprojekt.ch\/wp-content\/uploads\/2024\/05\/IMG_1588-1024x768.jpeg 1024w, https:\/\/hungerprojekt.ch\/wp-content\/uploads\/2024\/05\/IMG_1588-768x576.jpeg 768w, https:\/\/hungerprojekt.ch\/wp-content\/uploads\/2024\/05\/IMG_1588-1536x1152.jpeg 1536w, https:\/\/hungerprojekt.ch\/wp-content\/uploads\/2024\/05\/IMG_1588-2048x1536.jpeg 2048w, https:\/\/hungerprojekt.ch\/wp-content\/uploads\/2024\/05\/IMG_1588-800x600.jpeg 800w, https:\/\/hungerprojekt.ch\/wp-content\/uploads\/2024\/05\/IMG_1588-700x525.jpeg 700w\" sizes=\"(max-width: 586px) 100vw, 586px\" \/><p id=\"caption-attachment-4837\" class=\"wp-caption-text\"><span style=\"color: #999999;\"><em>Karin Tasso, Stephanie Le Drean &#8211; Leroy, Jane Piper, Daniel Heini, Alexandra Koch, Katja Fechteler, Tom Waterhouse, Andreas Ragaz, Christ\u00e8le Cl\u00e9mence, Oliver B\u00e4r<\/em><\/span><\/p><\/div>\n<p>We are delighted and honored to have become the new Co-Presidents of the Board of THP Switzerland as the association celebrates 40 years of successful fundraising.<\/p>\n<p>We take this opportunity to thank our predecessor, Anne-C\u00e9line Bonnier, for her tireless efforts and huge contribution over the last decade and more, and to thank our fellow board members for the confidence they have placed in us.<\/p>\n<p>We are convinced that, building on the solid foundations created by those who came before us, we can increase both the visibility of THP in Switzerland and the level of donations we receive, and in so doing ensure that the teams in our Program Countries receive the funding they need in order to bring long-term, sustainable improvements to the quality of life of thousands of men, women and children, and work towards our vision of a world without hunger. Like you, we are inspired by THP\u2019s vision of community-led action and the empowerment of women, and are committed to dedicating our tenure as Co-Presidents to bringing that vision to the attention of the widest possible audience of potential individual and institutional donors.<\/p>\n<p>&nbsp;<\/p>\n<p>Please do not hesitate to contact us directly if you would like to learn more about our ambitions for THP Switzerland or get involved in any way.<\/p>\n<p><strong><span style=\"color: #0000ff;\"><a style=\"color: #0000ff;\" href=\"https:\/\/www.linkedin.com\/in\/katja-fechteler-phd-mba\/\">Katja Fechteler<\/a> &amp; <a style=\"color: #0000ff;\" href=\"https:\/\/www.linkedin.com\/in\/tomwaterhouse\/\">Tom Waterhouse<\/a><\/span><\/strong><\/p>\n<hr \/>\n<p>&nbsp;<\/p>\n","protected":false},"excerpt":{"rendered":"<p>&nbsp; We are delighted and honored to have become the new Co-Presidents of the Board of THP Switzerland as the association celebrates 40 years of successful fundraising. We take this opportunity to thank our predecessor, Anne-C\u00e9line Bonnier, for her tireless efforts and huge contribution over&#8230;<\/p>\n","protected":false},"author":3,"featured_media":0,"comment_status":"open","ping_status":"open","sticky":false,"template":"","format":"standard","meta":{"inline_featured_image":false,"footnotes":""},"categories":[17],"tags":[],"class_list":["post-4851","post","type-post","status-publish","format-standard","hentry","category-uncategorized"],"_links":{"self":[{"href":"https:\/\/hungerprojekt.ch\/en\/wp-json\/wp\/v2\/posts\/4851","targetHints":{"allow":["GET"]}}],"collection":[{"href":"https:\/\/hungerprojekt.ch\/en\/wp-json\/wp\/v2\/posts"}],"about":[{"href":"https:\/\/hungerprojekt.ch\/en\/wp-json\/wp\/v2\/types\/post"}],"author":[{"embeddable":true,"href":"https:\/\/hungerprojekt.ch\/en\/wp-json\/wp\/v2\/users\/3"}],"replies":[{"embeddable":true,"href":"https:\/\/hungerprojekt.ch\/en\/wp-json\/wp\/v2\/comments?post=4851"}],"version-history":[{"count":7,"href":"https:\/\/hungerprojekt.ch\/en\/wp-json\/wp\/v2\/posts\/4851\/revisions"}],"predecessor-version":[{"id":4866,"href":"https:\/\/hungerprojekt.ch\/en\/wp-json\/wp\/v2\/posts\/4851\/revisions\/4866"}],"wp:attachment":[{"href":"https:\/\/hungerprojekt.ch\/en\/wp-json\/wp\/v2\/media?parent=4851"}],"wp:term":[{"taxonomy":"category","embeddable":true,"href":"https:\/\/hungerprojekt.ch\/en\/wp-json\/wp\/v2\/categories?post=4851"},{"taxonomy":"post_tag","embeddable":true,"href":"https:\/\/hungerprojekt.ch\/en\/wp-json\/wp\/v2\/tags?post=4851"}],"curies":[{"name":"wp","href":"https:\/\/api.w.org\/{rel}","templated":true}]}}