{"id":1943,"date":"2020-12-07T15:58:50","date_gmt":"2020-12-07T14:58:50","guid":{"rendered":"https:\/\/hungerprojekt.ch\/2020\/12\/07\/reisebericht-aus-aethiopien-2019\/"},"modified":"2020-12-07T16:12:11","modified_gmt":"2020-12-07T15:12:11","slug":"suivez-mon-voyage-au-ghana-et-decouvrez-the-hunger-project","status":"publish","type":"post","link":"https:\/\/hungerprojekt.ch\/fr\/2020\/12\/07\/suivez-mon-voyage-au-ghana-et-decouvrez-the-hunger-project\/","title":{"rendered":"Suivez mon voyage au Ghana et d\u00e9couvrez The Hunger Project"},"content":{"rendered":"<div class=\"npobject\">\n<div class=\"nplead\">\n<p>Anne-C\u00e9line Bonnier, pr\u00e9sidente du Projet Faim Suisse, a visit\u00e9 2 \u00e9picentres du Projet Faim au Ghana et vous fait partager ses exp\u00e9riences sur son blog https:\/\/acthp.wordpress.com encore pendant les prochains mois. Entrez votre adresse mail pour suivre ce blog et \u00eatre notifi\u00e9 par email des nouvelles publications. Bonne lecture!<\/p>\n<\/div>\n<\/div>\n<p>&nbsp;<\/p>\n<p><span style=\"text-decoration: underline;\"><a class=\"nplink\" href=\"https:\/\/acthp.wordpress.com\/\" target=\"_blank\" rel=\"noopener noreferrer\">Suivez mon voyage au Ghana et d\u00e9couvrez The Hunger Project<\/a><\/span><\/p>\n","protected":false},"excerpt":{"rendered":"<p>Anne-C\u00e9line Bonnier, pr\u00e9sidente du Projet Faim Suisse, a visit\u00e9 2 \u00e9picentres du Projet Faim au Ghana et vous fait partager ses exp\u00e9riences sur son blog https:\/\/acthp.wordpress.com encore pendant les prochains mois. Entrez votre adresse mail pour suivre ce blog et \u00eatre notifi\u00e9 par email des&#8230;<\/p>\n","protected":false},"author":1,"featured_media":1945,"comment_status":"open","ping_status":"open","sticky":false,"template":"","format":"standard","meta":{"inline_featured_image":false,"footnotes":""},"categories":[18],"tags":[],"class_list":["post-1943","post","type-post","status-publish","format-standard","has-post-thumbnail","hentry","category-non-classifiee"],"_links":{"self":[{"href":"https:\/\/hungerprojekt.ch\/fr\/wp-json\/wp\/v2\/posts\/1943","targetHints":{"allow":["GET"]}}],"collection":[{"href":"https:\/\/hungerprojekt.ch\/fr\/wp-json\/wp\/v2\/posts"}],"about":[{"href":"https:\/\/hungerprojekt.ch\/fr\/wp-json\/wp\/v2\/types\/post"}],"author":[{"embeddable":true,"href":"https:\/\/hungerprojekt.ch\/fr\/wp-json\/wp\/v2\/users\/1"}],"replies":[{"embeddable":true,"href":"https:\/\/hungerprojekt.ch\/fr\/wp-json\/wp\/v2\/comments?post=1943"}],"version-history":[{"count":4,"href":"https:\/\/hungerprojekt.ch\/fr\/wp-json\/wp\/v2\/posts\/1943\/revisions"}],"predecessor-version":[{"id":1950,"href":"https:\/\/hungerprojekt.ch\/fr\/wp-json\/wp\/v2\/posts\/1943\/revisions\/1950"}],"wp:featuredmedia":[{"embeddable":true,"href":"https:\/\/hungerprojekt.ch\/fr\/wp-json\/wp\/v2\/media\/1945"}],"wp:attachment":[{"href":"https:\/\/hungerprojekt.ch\/fr\/wp-json\/wp\/v2\/media?parent=1943"}],"wp:term":[{"taxonomy":"category","embeddable":true,"href":"https:\/\/hungerprojekt.ch\/fr\/wp-json\/wp\/v2\/categories?post=1943"},{"taxonomy":"post_tag","embeddable":true,"href":"https:\/\/hungerprojekt.ch\/fr\/wp-json\/wp\/v2\/tags?post=1943"}],"curies":[{"name":"wp","href":"https:\/\/api.w.org\/{rel}","templated":true}]}}