{"id":3642,"date":"2022-08-19T15:11:40","date_gmt":"2022-08-19T13:11:40","guid":{"rendered":"https:\/\/hungerprojekt.ch\/?p=3642"},"modified":"2022-08-19T15:19:09","modified_gmt":"2022-08-19T13:19:09","slug":"828-millions-souffrant-de-la-faim","status":"publish","type":"post","link":"https:\/\/hungerprojekt.ch\/fr\/2022\/08\/19\/828-millions-souffrant-de-la-faim\/","title":{"rendered":"828 millions de personnes souffrant de la faim"},"content":{"rendered":"<p>&nbsp;<\/p>\n<p style=\"font-weight: 400;\"><strong>Avec 828 millions de personnes souffrant de la faim, l&rsquo;ONU appelle \u00e0 un nouveau syst\u00e8me alimentaire<\/strong><\/p>\n<p style=\"font-weight: 400;\"><strong>Selon l&rsquo;\u00e9tat de la s\u00e9curit\u00e9 alimentaire et de la nutrition du World Report, 828 millions de personnes souffrent de la faim.<\/strong><\/p>\n<p style=\"font-weight: 400;\"><em>\u00ab\u00a0L&rsquo;augmentation exponentielle de la faim depuis 2019 est alarmante et, selon nos pr\u00e9visions, la faim va probablement continuer \u00e0 augmenter dans les ann\u00e9es \u00e0 venir. Nos syst\u00e8mes alimentaires mondiaux nourrissent des milliards de personnes, mais nous apprenons \u00e9galement \u00e0 conna\u00eetre leurs faiblesses face aux multiples chocs \u00e9conomiques, environnementaux et sociaux de ces derni\u00e8res ann\u00e9es\u00a0\u00bb. &#8211; <\/em>Tim Prewitt, pr\u00e9sident et CEO<\/p>\n<p style=\"font-weight: 400;\">Le changement climatique, les conflits, les chocs \u00e9conomiques et les in\u00e9galit\u00e9s croissantes exercent une pression sur la capacit\u00e9 de notre syst\u00e8me alimentaire \u00e0 produire et \u00e0 distribuer des aliments nutritifs et abordables. Le rapport \u00ab\u00a0State of Food Security and Nutrition in the World 2022\u00a0\u00bb (SOFI), dont le th\u00e8me est \u00ab\u00a0R\u00e9orienter les politiques alimentaires et agricoles pour rendre les r\u00e9gimes alimentaires sains plus abordables\u00a0\u00bb, examine l&rsquo;\u00e9tat de la s\u00e9curit\u00e9 alimentaire et de la nutrition dans le monde, notamment en ce qui concerne la hausse rapide des prix et l&rsquo;accessibilit\u00e9 \u00e0 une alimentation saine.<\/p>\n<p style=\"font-weight: 400;\">L&rsquo;une des principales conclusions du rapport est qu&rsquo;<strong>en 2021, jusqu&rsquo;\u00e0 828 millions de personnes seraient touch\u00e9es par la faim chronique et persistante<\/strong>. Cela repr\u00e9sente 150 millions de personnes de plus qu&rsquo;en 2019 et 46 millions de plus qu&rsquo;en 2020.<\/p>\n<p style=\"font-weight: 400;\">L&rsquo;Afrique continue de porter le poids de cette crise : en 2021, 20,2 % de sa population \u00e9tait confront\u00e9e \u00e0 la faim, contre 9,1 % en Asie, 8,6 % en Am\u00e9rique latine et dans les Cara\u00efbes, 5,8 % en Oc\u00e9anie et moins de 2,5 % en Am\u00e9rique du Nord et en Europe.<\/p>\n<p style=\"font-weight: 400;\">\u00ab\u00a0Il est temps <em>de repenser nos politiques alimentaires et agricoles afin de mieux garantir une alimentation saine et nutritive pour tous. Les recommandations du rapport \u00ab\u00a0\u00c9tat de la s\u00e9curit\u00e9 alimentaire et de la nutrition dans le monde\u00a0\u00bb publi\u00e9 aujourd&rsquo;hui sont un bon d\u00e9but, mais nous devons \u00eatre plus audacieux et nous concentrer sur le niveau local.<\/em><\/p>\n<p style=\"font-weight: 400;\"><em>\u00a0<\/em><\/p>\n<p style=\"font-weight: 400;\"><strong><em>Chaque pays, qu&rsquo;il soit riche ou pauvre, doit prendre des mesures pour renforcer les syst\u00e8mes alimentaires locaux. <\/em><\/strong><em>Les cultures indig\u00e8nes et les m\u00e9thodes de culture traditionnelles, bien que g\u00e9n\u00e9ralement moins productives, ont \u00e9t\u00e9 d\u00e9velopp\u00e9es pendant des centaines d&rsquo;ann\u00e9es, sont plus r\u00e9sistantes aux chocs climatiques et sont souvent pratiqu\u00e9es en plus grande harmonie avec la nature. Nous nous engageons \u00e9galement \u00e0 travailler avec les petits agriculteurs pour renforcer les march\u00e9s au niveau local afin de r\u00e9duire les importations de denr\u00e9es alimentaires et d&rsquo;intrants agricoles. Cela permettrait de r\u00e9duire la faim chronique dans le monde et contribuerait \u00e0 la sant\u00e9 de notre plan\u00e8te. \u00ab\u00a0<\/em><\/p>\n<p style=\"font-weight: 400;\">Tim Prewitt, Pr\u00e9sident &amp; CEO, The Hunger Project<\/p>\n<p style=\"font-weight: 400;\"><strong>Pr\u00e8s de 3,1 milliards de personnes ne pourraient pas se permettre de manger sainement en 2020, soit 112 millions de plus qu&rsquo;en 2019.<\/strong><\/p>\n<p style=\"font-weight: 400;\">Alors que la production alimentaire mondiale serait suffisante pour nourrir tout le monde, des millions de personnes \u00e0 travers le monde souffrent d&rsquo;ins\u00e9curit\u00e9 alimentaire et de malnutrition en raison du co\u00fbt \u00e9lev\u00e9 d&rsquo;une alimentation saine. M\u00eame si les causes de ces co\u00fbts \u00e9lev\u00e9s varient selon le contexte, le rapport note que le soutien public \u00e0 la production agricole se concentre largement sur le riz, le sucre et diff\u00e9rentes viandes, tandis que les fruits et l\u00e9gumes sont globalement moins soutenus, voire p\u00e9nalis\u00e9s dans certains pays. En outre, l&rsquo;inflation des prix des denr\u00e9es alimentaires provoqu\u00e9e par la pand\u00e9mie COVID-19 et le conflit en Ukraine pourrait entra\u00eener une augmentation de 13 millions de personnes touch\u00e9es par la faim en 2022 et jusqu&rsquo;\u00e0 19 millions de personnes suppl\u00e9mentaires en 2023.<\/p>\n<p style=\"font-weight: 400;\"><strong>Le Projet Faim investit dans le renforcement des syst\u00e8mes alimentaires locaux afin de lutter durablement contre la faim dans le monde.<\/strong> En soutenant les petits agriculteurs, qui repr\u00e9sentent 40 \u00e0 85 % des producteurs de denr\u00e9es alimentaires dans le monde, nous renfor\u00e7ons les march\u00e9s locaux. La culture de plantes r\u00e9sistantes au climat et \u00e0 plus haute valeur nutritionnelle r\u00e9duit la d\u00e9pendance aux mati\u00e8res premi\u00e8res agricoles import\u00e9es, telles que les semences et les engrais, qui repr\u00e9sentent un fardeau \u00e9conomique pour les communaut\u00e9s rurales.<\/p>\n<p style=\"font-weight: 400;\"><strong>Les strat\u00e9gies pour des syst\u00e8mes alimentaires durables <\/strong>comprennent la promotion de la biodiversit\u00e9 locale, la gestion des ressources naturelles, un meilleur acc\u00e8s aux march\u00e9s pour les agriculteurs, des cha\u00eenes de valeur alimentaires mondiales et locales inclusives, la durabilit\u00e9 sociale et le renforcement du r\u00f4le des femmes, des consommateurs et des petits agriculteurs.<\/p>\n<p><img fetchpriority=\"high\" decoding=\"async\" class=\"alignnone size-medium wp-image-3628\" src=\"https:\/\/hungerprojekt.ch\/wp-content\/uploads\/2022\/08\/293251-300x200.jpg\" alt=\"\" width=\"300\" height=\"200\" srcset=\"https:\/\/hungerprojekt.ch\/wp-content\/uploads\/2022\/08\/293251-300x200.jpg 300w, https:\/\/hungerprojekt.ch\/wp-content\/uploads\/2022\/08\/293251-1024x681.jpg 1024w, https:\/\/hungerprojekt.ch\/wp-content\/uploads\/2022\/08\/293251-768x511.jpg 768w, https:\/\/hungerprojekt.ch\/wp-content\/uploads\/2022\/08\/293251-700x466.jpg 700w, https:\/\/hungerprojekt.ch\/wp-content\/uploads\/2022\/08\/293251.jpg 1300w\" sizes=\"(max-width: 300px) 100vw, 300px\" \/><\/p>\n<p style=\"font-weight: 400;\">Le rapport SOFI donne des indications sur la mani\u00e8re dont les politiques alimentaires et agricoles pourraient \u00eatre utilis\u00e9es pour r\u00e9duire le co\u00fbt des aliments nutritifs et contient des suggestions pour la transformation du syst\u00e8me agroalimentaire. L&rsquo;une de ces recommandations est que les gouvernements devraient envisager de redistribuer les budgets publics existants afin de rendre les aliments nutritifs plus abordables et d&rsquo;augmenter la disponibilit\u00e9 d&rsquo;une alimentation saine pour tous.<\/p>\n<p style=\"font-weight: 400;\"><strong>Autres r\u00e9sultats du rapport SOFI 2022<\/strong><\/p>\n<ul>\n<li>En 2021, on estime que 29,3% de la population mondiale &#8211; soit 2,3 milliards de personnes &#8211; \u00e9tait en situation d&rsquo;ins\u00e9curit\u00e9 alimentaire mod\u00e9r\u00e9e ou s\u00e9v\u00e8re, et 11,7% (923,7 millions de personnes) en situation d&rsquo;ins\u00e9curit\u00e9 alimentaire s\u00e9v\u00e8re.<\/li>\n<\/ul>\n<p>&nbsp;<\/p>\n<ul>\n<li>L&rsquo;\u00e9cart entre les sexes en mati\u00e8re d&rsquo;ins\u00e9curit\u00e9 alimentaire ne cesse de se creuser. En 2021, 31,9% des femmes dans le monde \u00e9taient mod\u00e9r\u00e9ment ou fortement touch\u00e9es par l&rsquo;ins\u00e9curit\u00e9 alimentaire, contre 27,6% des hommes.<\/li>\n<\/ul>\n<p>&nbsp;<\/p>\n<ul>\n<li>En 2020, on estimait que 22% des enfants de moins de cinq ans dans le monde souffraient de malnutrition et 6,7% de famine.<\/li>\n<\/ul>\n<p>&nbsp;<\/p>\n<ul>\n<li>Selon les pr\u00e9visions, pr\u00e8s de 670 millions de personnes seront encore touch\u00e9es par la faim en 2030, soit 8 % de la population mondiale, une proportion \u00e9quivalente \u00e0 celle de 2015, ann\u00e9e o\u00f9 l&rsquo;Agenda 2030 a \u00e9t\u00e9 lanc\u00e9.<\/li>\n<\/ul>\n<p>&nbsp;<\/p>\n<p style=\"font-weight: 400;\">Par notre travail en Afrique, en Asie du Sud et en Am\u00e9rique latine, nous cr\u00e9ons les bases d&rsquo;une transformation durable des syst\u00e8mes alimentaires locaux. En collaboration avec les populations locales, nous construisons une voie vers l&rsquo;autonomie en utilisant des partenariats qui r\u00e9unissent de nombreux acteurs et leur expertise afin de promouvoir un d\u00e9veloppement soutenu par les communaut\u00e9s. Dans le cadre de nos programmes, les responsables des communaut\u00e9s apprennent des m\u00e9thodes de culture durables, des techniques de transformation et de stockage des aliments ainsi que la distribution de leurs produits afin d&rsquo;am\u00e9liorer la situation alimentaire et l&rsquo;acceptation des produits.<\/p>\n<p style=\"font-weight: 400;\">Bien que le rapport SOFI montre que les efforts visant \u00e0 \u00e9liminer la faim, l&rsquo;ins\u00e9curit\u00e9 alimentaire et la malnutrition sous toutes leurs formes \u00e9chouent, nous pouvons relever ce d\u00e9fi. En transformant notre syst\u00e8me alimentaire et nos ressources, nous pouvons r\u00e9duire la faim chronique dans le monde et contribuer \u00e0 la sant\u00e9 de notre plan\u00e8te. Cela ne peut se faire qu&rsquo;avec l&rsquo;engagement des communaut\u00e9s, des soci\u00e9t\u00e9s civiles, du secteur priv\u00e9 et des gouvernements \u00e0 pr\u00e9venir et \u00e0 g\u00e9rer les conflits et \u00e0 \u00e9quilibrer les forces in\u00e9gales au sein des syst\u00e8mes agricoles et alimentaires.<\/p>\n<p style=\"font-weight: 400;\"><em>Le rapport \u00ab\u00a0<span style=\"text-decoration: underline;\"><a href=\"https:\/\/www.fao.org\/3\/cc0639en\/cc0639en.pdf\">The State of Food Security and Nutrition in the World 2022<\/a><\/span><\/em><em>\u00a0\u00bb a \u00e9t\u00e9 publi\u00e9 conjointement par l&rsquo;Organisation des Nations unies pour l&rsquo;alimentation et l&rsquo;agriculture (FAO), le Fonds international de d\u00e9veloppement agricole (FIDA), le Fonds des Nations unies pour l&rsquo;enfance (UNICEF), le Programme alimentaire mondial (PAM) et l&rsquo;Organisation mondiale de la sant\u00e9 (OMS).<\/em><\/p>\n","protected":false},"excerpt":{"rendered":"<p>&nbsp; Avec 828 millions de personnes souffrant de la faim, l&rsquo;ONU appelle \u00e0 un nouveau syst\u00e8me alimentaire Selon l&rsquo;\u00e9tat de la s\u00e9curit\u00e9 alimentaire et de la nutrition du World Report, 828 millions de personnes souffrent de la faim. \u00ab\u00a0L&rsquo;augmentation exponentielle de la faim depuis 2019&#8230;<\/p>\n","protected":false},"author":3,"featured_media":0,"comment_status":"open","ping_status":"open","sticky":false,"template":"","format":"standard","meta":{"inline_featured_image":false,"footnotes":""},"categories":[18],"tags":[],"class_list":["post-3642","post","type-post","status-publish","format-standard","hentry","category-non-classifiee"],"_links":{"self":[{"href":"https:\/\/hungerprojekt.ch\/fr\/wp-json\/wp\/v2\/posts\/3642","targetHints":{"allow":["GET"]}}],"collection":[{"href":"https:\/\/hungerprojekt.ch\/fr\/wp-json\/wp\/v2\/posts"}],"about":[{"href":"https:\/\/hungerprojekt.ch\/fr\/wp-json\/wp\/v2\/types\/post"}],"author":[{"embeddable":true,"href":"https:\/\/hungerprojekt.ch\/fr\/wp-json\/wp\/v2\/users\/3"}],"replies":[{"embeddable":true,"href":"https:\/\/hungerprojekt.ch\/fr\/wp-json\/wp\/v2\/comments?post=3642"}],"version-history":[{"count":5,"href":"https:\/\/hungerprojekt.ch\/fr\/wp-json\/wp\/v2\/posts\/3642\/revisions"}],"predecessor-version":[{"id":3649,"href":"https:\/\/hungerprojekt.ch\/fr\/wp-json\/wp\/v2\/posts\/3642\/revisions\/3649"}],"wp:attachment":[{"href":"https:\/\/hungerprojekt.ch\/fr\/wp-json\/wp\/v2\/media?parent=3642"}],"wp:term":[{"taxonomy":"category","embeddable":true,"href":"https:\/\/hungerprojekt.ch\/fr\/wp-json\/wp\/v2\/categories?post=3642"},{"taxonomy":"post_tag","embeddable":true,"href":"https:\/\/hungerprojekt.ch\/fr\/wp-json\/wp\/v2\/tags?post=3642"}],"curies":[{"name":"wp","href":"https:\/\/api.w.org\/{rel}","templated":true}]}}