{"id":4578,"date":"2023-12-01T15:03:36","date_gmt":"2023-12-01T14:03:36","guid":{"rendered":"https:\/\/hungerprojekt.ch\/?p=4578"},"modified":"2023-12-01T15:22:06","modified_gmt":"2023-12-01T14:22:06","slug":"notre-presidente-dit-au-revoir","status":"publish","type":"post","link":"https:\/\/hungerprojekt.ch\/fr\/2023\/12\/01\/notre-presidente-dit-au-revoir\/","title":{"rendered":"Notre pr\u00e9sidente dit au revoir"},"content":{"rendered":"<p>&nbsp;<\/p>\n<p style=\"font-weight: 400;\"><sub>Chers membres, chers donateurs, chers amis du Projet Faim Suisse,<\/sub><\/p>\n<p style=\"font-weight: 400;\"><sub>Il y a 11 ans, je d\u00e9couvrais le Projet Faim et il m\u2019a tout de suite inspir\u00e9e. Un coup de foudre en quelque sorte. Enfin un concept qui correspondait en tous points \u00e0 mes convictions\u00a0: proche de l\u2019humain et de ses besoins, holistique et pas \u00ab\u00a0je sais tout\u00a0\u00bb\u2026<\/sub><\/p>\n<p style=\"font-weight: 400;\"><sub>Le coup de foudre s\u2019est confirm\u00e9 apr\u00e8s avoir rencontr\u00e9 Alexandra, notre merveilleuse directrice qui avec authenticit\u00e9, conviction et savoir tient les r\u00eanes du Projet Faim Suisse et le dirige avec plein d\u2019\u00e9nergie et d\u2019une main assur\u00e9e.<\/sub><\/p>\n<p style=\"font-weight: 400;\"><sub>En 2013, je suis rentr\u00e9e au comit\u00e9 et en suis devenue la pr\u00e9sidente en 2015. 2015, c\u2019est aussi l\u2019ann\u00e9e o\u00f9 j\u2019ai visit\u00e9 pour la premi\u00e8re fois nos programmes. Et j\u2019en ai \u00e9t\u00e9 \u00e9merveill\u00e9e. L\u2019\u00e9nergie, l\u2019assurance et la volont\u00e9 de nos partenaires sur place \u00e9taient encore plus imposantes que tout ce que j\u2019avais pu imaginer. Cela a \u00e9t\u00e9 un immense privil\u00e8ge de voir et ressentir l\u2019impact de notre travail. Cela m\u2019a renforc\u00e9e dans mon action pendant toutes ces ann\u00e9es.<\/sub><\/p>\n<p style=\"font-weight: 400;\"><sub>Apr\u00e8s maintenant 10 ans au sein du comit\u00e9 et huit ans en tant que pr\u00e9sidente, j\u2019ai d\u00e9cid\u00e9 de quitter le Projet Faim Suisse lors de l\u2019assembl\u00e9e g\u00e9n\u00e9rale extraordinaire du 4 d\u00e9cembre 2023. Mon mandat aupr\u00e8s du Projet Faim mondial se terminera en mai 2024. Le temps est venu de changer et de laisser la place \u00e0 de nouvelles id\u00e9es\u00a0!<\/sub><sub>\u00a0<\/sub><\/p>\n<p style=\"font-weight: 400;\"><sub>Je continuerai \u00e0 vivre les valeurs du Projet Faim et \u00e0 accompagner des hommes et des femmes pour qu\u2019ils trouvent leurs propres solutions\u00a0: d\u2019une part en tant que membre du comit\u00e9 de l\u2019association de m\u00e9diation de la Suisse centrale et d\u2019autre part par mon activit\u00e9 de m\u00e9diatrice et de coach. Mais cette fois-ci, au niveau local et individuel. Le Projet Faim garde une place particuli\u00e8re dans mon c\u0153ur. Ma conviction que nous suivons le bon chemin s\u2019est renforc\u00e9e au cours des ann\u00e9es. <\/sub><\/p>\n<p style=\"font-weight: 400;\"><sub>Je suis fi\u00e8re de ce que nous avons construit ces 10 derni\u00e8res ann\u00e9es et de l\u2019\u00e9volution du Projet Faim Suisse.<\/sub><\/p>\n<p style=\"font-weight: 400;\"><sub>Je vous remercie, chers membres, chers donateurs et chers amis du Projet Faim Suisse, pour votre loyaut\u00e9 et votre confiance. Sans vous, nous ne pourrions pas r\u00e9aliser notre vision d\u2019un monde sans faim.\u00a0<\/sub><\/p>\n<p style=\"font-weight: 400;\"><sub>Un grand merci \u00e9galement \u00e0 tous nos volontaires sans qui nous ne pourrions pas tout mettre en \u0153uvre. Vous \u00eates un pilier important de notre organisation.\u00a0<\/sub><sub>\u00a0<\/sub><\/p>\n<p style=\"font-weight: 400;\"><sub>Et pour finir, merci du fond du c\u0153ur \u00e0 mes coll\u00e8gues du comit\u00e9 de ces derni\u00e8res ann\u00e9es. Ensemble, nous avons fait de grandes choses et j\u2019ai eu grand plaisir \u00e0 travailler avec vous.\u00a0<\/sub><\/p>\n<p style=\"font-weight: 400;\"><sub>Au nouveau comit\u00e9 je souhaite le meilleur et je me r\u00e9jouis de voir toutes les choses formidables que vous allez mettre en place. <\/sub><\/p>\n<p style=\"font-weight: 400;\"><sub>Je profite de cette occasion pour vous souhaiter de bonnes f\u00eates, un joyeux No\u00ebl et une bonne nouvelle ann\u00e9e en pleine sant\u00e9\u00a0!<\/sub><\/p>\n<p style=\"font-weight: 400;\"><sub>Au revoir,<\/sub><\/p>\n<p style=\"font-weight: 400;\"><sub>Bien cordialement,\u00a0<\/sub><\/p>\n<p style=\"font-weight: 400;\"><sub>Anne-C\u00e9line Bonnier<\/sub><\/p>\n<p><span style=\"text-decoration: underline;\"><span style=\"color: #0000ff;\">\u00a0<\/span><\/span><\/p>\n","protected":false},"excerpt":{"rendered":"<p>&nbsp; Chers membres, chers donateurs, chers amis du Projet Faim Suisse, Il y a 11 ans, je d\u00e9couvrais le Projet Faim et il m\u2019a tout de suite inspir\u00e9e. Un coup de foudre en quelque sorte. Enfin un concept qui correspondait en tous points \u00e0 mes&#8230;<\/p>\n","protected":false},"author":3,"featured_media":4569,"comment_status":"open","ping_status":"open","sticky":false,"template":"","format":"standard","meta":{"inline_featured_image":false,"footnotes":""},"categories":[18],"tags":[],"class_list":["post-4578","post","type-post","status-publish","format-standard","has-post-thumbnail","hentry","category-non-classifiee"],"_links":{"self":[{"href":"https:\/\/hungerprojekt.ch\/fr\/wp-json\/wp\/v2\/posts\/4578","targetHints":{"allow":["GET"]}}],"collection":[{"href":"https:\/\/hungerprojekt.ch\/fr\/wp-json\/wp\/v2\/posts"}],"about":[{"href":"https:\/\/hungerprojekt.ch\/fr\/wp-json\/wp\/v2\/types\/post"}],"author":[{"embeddable":true,"href":"https:\/\/hungerprojekt.ch\/fr\/wp-json\/wp\/v2\/users\/3"}],"replies":[{"embeddable":true,"href":"https:\/\/hungerprojekt.ch\/fr\/wp-json\/wp\/v2\/comments?post=4578"}],"version-history":[{"count":3,"href":"https:\/\/hungerprojekt.ch\/fr\/wp-json\/wp\/v2\/posts\/4578\/revisions"}],"predecessor-version":[{"id":4581,"href":"https:\/\/hungerprojekt.ch\/fr\/wp-json\/wp\/v2\/posts\/4578\/revisions\/4581"}],"wp:featuredmedia":[{"embeddable":true,"href":"https:\/\/hungerprojekt.ch\/fr\/wp-json\/wp\/v2\/media\/4569"}],"wp:attachment":[{"href":"https:\/\/hungerprojekt.ch\/fr\/wp-json\/wp\/v2\/media?parent=4578"}],"wp:term":[{"taxonomy":"category","embeddable":true,"href":"https:\/\/hungerprojekt.ch\/fr\/wp-json\/wp\/v2\/categories?post=4578"},{"taxonomy":"post_tag","embeddable":true,"href":"https:\/\/hungerprojekt.ch\/fr\/wp-json\/wp\/v2\/tags?post=4578"}],"curies":[{"name":"wp","href":"https:\/\/api.w.org\/{rel}","templated":true}]}}