{"id":5050,"date":"2024-12-02T23:15:16","date_gmt":"2024-12-02T22:15:16","guid":{"rendered":"https:\/\/hungerprojekt.ch\/?p=5050"},"modified":"2024-12-02T23:15:16","modified_gmt":"2024-12-02T22:15:16","slug":"le-concert-de-bienfaisance","status":"publish","type":"post","link":"https:\/\/hungerprojekt.ch\/fr\/2024\/12\/02\/le-concert-de-bienfaisance\/","title":{"rendered":"Le concert de bienfaisance en l&rsquo;honneur de Daniel Fueter a permis de r\u00e9colter plus de 23&rsquo;000 CHF pour le Projet Faim Suisse !"},"content":{"rendered":"<p><img fetchpriority=\"high\" decoding=\"async\" class=\"wp-image-5043 size-medium aligncenter\" src=\"https:\/\/hungerprojekt.ch\/wp-content\/uploads\/2024\/12\/Benefizkonzert-zum-75.-Geburtstag-von-Daniel-Fueter-2-e1733177657611-300x196.png\" alt=\"\" width=\"300\" height=\"196\" srcset=\"https:\/\/hungerprojekt.ch\/wp-content\/uploads\/2024\/12\/Benefizkonzert-zum-75.-Geburtstag-von-Daniel-Fueter-2-e1733177657611-300x196.png 300w, https:\/\/hungerprojekt.ch\/wp-content\/uploads\/2024\/12\/Benefizkonzert-zum-75.-Geburtstag-von-Daniel-Fueter-2-e1733177657611-768x503.png 768w, https:\/\/hungerprojekt.ch\/wp-content\/uploads\/2024\/12\/Benefizkonzert-zum-75.-Geburtstag-von-Daniel-Fueter-2-e1733177657611-400x260.png 400w, https:\/\/hungerprojekt.ch\/wp-content\/uploads\/2024\/12\/Benefizkonzert-zum-75.-Geburtstag-von-Daniel-Fueter-2-e1733177657611-700x458.png 700w, https:\/\/hungerprojekt.ch\/wp-content\/uploads\/2024\/12\/Benefizkonzert-zum-75.-Geburtstag-von-Daniel-Fueter-2-e1733177657611.png 947w\" sizes=\"(max-width: 300px) 100vw, 300px\" \/><\/p>\n<p>Le 23 septembre 2024, nous avons eu le privil\u00e8ge d\u2019assister \u00e0 un concert de bienfaisance exceptionnel c\u00e9l\u00e9brant le 75e anniversaire de Daniel Fueter. Gr\u00e2ce au soutien g\u00e9n\u00e9reux des invit\u00e9s du concert et \u00e0 d&rsquo;autres dons, plus de 23&rsquo;000 CHF ont \u00e9t\u00e9 collect\u00e9s ! Nous souhaitons adresser un chaleureux merci \u00e0 tous les donateurs et \u00e0 toute l&rsquo;\u00e9quipe du concert, dont l\u2019engagement et la passion ont rendu cette soir\u00e9e possible. Les fonds r\u00e9colt\u00e9s nous permettront de continuer \u00e0 progresser dans notre mission de vaincre la faim et la pauvret\u00e9.<\/p>\n","protected":false},"excerpt":{"rendered":"<p>Le 23 septembre 2024, nous avons eu le privil\u00e8ge d\u2019assister \u00e0 un concert de bienfaisance exceptionnel c\u00e9l\u00e9brant le 75e anniversaire de Daniel Fueter. Gr\u00e2ce au soutien g\u00e9n\u00e9reux des invit\u00e9s du concert et \u00e0 d&rsquo;autres dons, plus de 23&rsquo;000 CHF ont \u00e9t\u00e9 collect\u00e9s ! Nous souhaitons&#8230;<\/p>\n","protected":false},"author":3,"featured_media":0,"comment_status":"open","ping_status":"open","sticky":false,"template":"","format":"standard","meta":{"inline_featured_image":false,"footnotes":""},"categories":[18],"tags":[],"class_list":["post-5050","post","type-post","status-publish","format-standard","hentry","category-non-classifiee"],"_links":{"self":[{"href":"https:\/\/hungerprojekt.ch\/fr\/wp-json\/wp\/v2\/posts\/5050","targetHints":{"allow":["GET"]}}],"collection":[{"href":"https:\/\/hungerprojekt.ch\/fr\/wp-json\/wp\/v2\/posts"}],"about":[{"href":"https:\/\/hungerprojekt.ch\/fr\/wp-json\/wp\/v2\/types\/post"}],"author":[{"embeddable":true,"href":"https:\/\/hungerprojekt.ch\/fr\/wp-json\/wp\/v2\/users\/3"}],"replies":[{"embeddable":true,"href":"https:\/\/hungerprojekt.ch\/fr\/wp-json\/wp\/v2\/comments?post=5050"}],"version-history":[{"count":1,"href":"https:\/\/hungerprojekt.ch\/fr\/wp-json\/wp\/v2\/posts\/5050\/revisions"}],"predecessor-version":[{"id":5051,"href":"https:\/\/hungerprojekt.ch\/fr\/wp-json\/wp\/v2\/posts\/5050\/revisions\/5051"}],"wp:attachment":[{"href":"https:\/\/hungerprojekt.ch\/fr\/wp-json\/wp\/v2\/media?parent=5050"}],"wp:term":[{"taxonomy":"category","embeddable":true,"href":"https:\/\/hungerprojekt.ch\/fr\/wp-json\/wp\/v2\/categories?post=5050"},{"taxonomy":"post_tag","embeddable":true,"href":"https:\/\/hungerprojekt.ch\/fr\/wp-json\/wp\/v2\/tags?post=5050"}],"curies":[{"name":"wp","href":"https:\/\/api.w.org\/{rel}","templated":true}]}}