{"id":5240,"date":"2025-05-28T17:32:31","date_gmt":"2025-05-28T15:32:31","guid":{"rendered":"https:\/\/hungerprojekt.ch\/?p=5240"},"modified":"2025-06-01T13:36:43","modified_gmt":"2025-06-01T11:36:43","slug":"de-i-cant-a-i-can-et-we-can","status":"publish","type":"post","link":"https:\/\/hungerprojekt.ch\/fr\/2025\/05\/28\/de-i-cant-a-i-can-et-we-can\/","title":{"rendered":"De \u00ab I can&rsquo;t \u00bb \u00e0 \u00ab I can \u00bb et \u00ab We can \u00bb"},"content":{"rendered":"<p><strong>Une journ\u00e9e sp\u00e9ciale avec Rowlands Kaotcha, PDG mondial du Hunger Project<\/strong><\/p>\n<p>Lundi dernier, nous avons eu le plaisir d&rsquo;accueillir \u00e0 Zurich une personnalit\u00e9 exceptionnelle : Rowlands Kaotcha, PDG mondial du Hunger Project. Ce fut une journ\u00e9e riche en inspiration, en \u00e9changes et en nouvelles perspectives. Rowlands a non seulement partag\u00e9 avec nous ses exp\u00e9riences et ses visions, mais il nous a \u00e9galement conseill\u00e9s avec beaucoup de clart\u00e9 et de clairvoyance.<\/p>\n<p>Rowlands Kaotcha est n\u00e9 au Malawi, o\u00f9 il vit encore aujourd&rsquo;hui avec sa famille. Il fait partie du Hunger Project depuis plus de 20 ans et a occup\u00e9 divers postes de direction au niveau r\u00e9gional et mondial, le dernier en date \u00e9tant celui de directeur des programmes. Aujourd&rsquo;hui, il dirige le bureau mondial, comme il l&rsquo;appelle lui-m\u00eame, en tant que PDG \u00abissu de l&rsquo;organisation\u00bb.<\/p>\n<p>Son histoire personnelle est aussi passionnante que forte. Sa m\u00e8re, qui a d\u00fb parcourir de nombreux kilom\u00e8tres \u00e0 pied jusqu&rsquo;\u00e0 l&rsquo;h\u00f4pital le plus proche pour le mettre au monde, l&rsquo;a particuli\u00e8rement marqu\u00e9. Elle lui a appris tr\u00e8s t\u00f4t tout ce que les gens peuvent accomplir gr\u00e2ce \u00e0 leur volont\u00e9 et leur pers\u00e9v\u00e9rance. Cette exp\u00e9rience a jet\u00e9 les bases de sa mission : donner aux gens du monde entier les moyens de prendre leur avenir en main.<\/p>\n<p><strong>\u00ab Ce n&rsquo;est pas le moment d&rsquo;abandonner \u00bb<\/strong><\/p>\n<p>En discutant avec Rowlands, on comprend clairement qu&rsquo;il conna\u00eet parfaitement les d\u00e9fis complexes de notre \u00e9poque. Si la faim dans le monde a pu \u00eatre r\u00e9duite depuis les ann\u00e9es 1970 d&rsquo;environ un tiers \u00e0 environ dix pour cent de la population mondiale, cette progression stagne depuis 2007.<\/p>\n<p>Dans le m\u00eame temps, la coop\u00e9ration au d\u00e9veloppement est confront\u00e9e \u00e0 un autre d\u00e9fi de taille : les \u00c9tats-Unis ont annonc\u00e9 des coupes massives dans l&rsquo;aide au d\u00e9veloppement et l&rsquo;aide \u00e9trang\u00e8re, en particulier par le biais de l&rsquo;USAID. Ces coupes budg\u00e9taires touchent durement de nombreux programmes et compromettent des progr\u00e8s importants \u00e0 l&rsquo;\u00e9chelle mondiale. \u00c0 une \u00e9poque marqu\u00e9e par une incertitude croissante et de multiples crises, des ressources cruciales sont donc retir\u00e9es.<\/p>\n<p>C&rsquo;est pr\u00e9cis\u00e9ment dans ce contexte que le travail du Hunger Project devient plus pertinent que jamais. \u00ab Le monde a la possibilit\u00e9 d&rsquo;achever ce que nous avons commenc\u00e9 \u00bb, souligne Rowlands. Le moment est venu d&rsquo;investir dans des mod\u00e8les fonctionnels et durables qui permettent une v\u00e9ritable autod\u00e9termination. Le Hunger Project propose une telle approche : \u00e9prouv\u00e9e, efficace et durable.<\/p>\n<p>Ce qui rend le Projet Hunger si particulier, c&rsquo;est son orientation syst\u00e9matique vers le changement de l&rsquo;int\u00e9rieur. Il ne s&rsquo;agit pas de cr\u00e9er des d\u00e9pendances, mais d&rsquo;encourager les gens \u00e0 croire en eux-m\u00eames et de promouvoir le changement int\u00e9rieur vers l&rsquo;autonomisation. Ou, comme le dit Rowlands dans cette <strong><a href=\"https:\/\/www.youtube.com\/watch?si=AowvCiP8mVPgZoFR&amp;v=nl33o3ZK7Zk&amp;feature=youtu.be\">vid\u00e9o<\/a><\/strong> : \u00ab Nous passons de \u00ab i can&rsquo;t \u00bb \u00e0 \u00ab I can \u00bb. Et puis de \u00ab I can \u00bb \u00e0 \u00ab We can \u00bb. Ce changement de mentalit\u00e9 a un impact qui va bien au-del\u00e0 des individus. Il renforce les communaut\u00e9s et cr\u00e9e un mouvement qui d\u00e9passe le cadre du projet lui-m\u00eame.<\/p>\n<p>\u00ab Ce n&rsquo;est pas le moment d&rsquo;abandonner \u00bb, rappelle Rowlands avec insistance. C&rsquo;est plut\u00f4t le moment de relever les d\u00e9fis et d&#8217;emprunter courageusement de nouvelles voies.<\/p>\n<p><strong>Courage, vision et dialogue personnel<\/strong><\/p>\n<p>Un ap\u00e9ritif exclusif a \u00e9t\u00e9 organis\u00e9 dans la soir\u00e9e. Une occasion unique pour les investisseurs et les sympathisants de s&rsquo;entretenir directement avec Rowlands, le comit\u00e9 directeur et le conseil consultatif de THP Suisse. Cette rencontre personnelle a \u00e9t\u00e9 jug\u00e9e particuli\u00e8rement pr\u00e9cieuse et souligne l&rsquo;approche transparente et inclusive du Hunger Project.<\/p>\n<p>Rowlands a interpell\u00e9 les participants avec une question cruciale : \u00ab Oui, le paysage du d\u00e9veloppement mondial \u00e9volue rapidement. Notre r\u00e9ponse d\u00e9finira qui nous sommes. Allons-nous battre en retraite et laisser ce changement nous faire reculer, ou allons-nous nous engager et nous relever pour saisir cette opportunit\u00e9 ? \u00bb<\/p>\n<p>La soir\u00e9e s&rsquo;est transform\u00e9e en un dialogue anim\u00e9 et ouvert. Les participants ont pos\u00e9 de nombreuses questions passionnantes et se sont montr\u00e9s impressionn\u00e9s par le talent rh\u00e9torique de Rowlands et son message passionn\u00e9.<\/p>\n<p><strong>Un message pour conclure<\/strong><\/p>\n<p>Pour conclure, Rowlands nous a laiss\u00e9 un message fort : sous sa direction, le Projet Faim n&rsquo;agira pas par peur, mais par conviction que tout est possible. \u00ab Nous agissons \u00e0 partir d&rsquo;un lieu de possibilit\u00e9s, et non d&rsquo;un lieu de peur. \u00bb<\/p>\n<p>Avec vous, nous voulons faire de la vision de Rowlands Kaotcha une r\u00e9alit\u00e9. Aidez-nous \u00e0 cr\u00e9er de l&rsquo;espoir et \u00e0 apporter un changement durable.<\/p>\n<p>Le moment est venu de dire \u00ab We can \u00bb.<\/p>\n","protected":false},"excerpt":{"rendered":"<p>Une journ\u00e9e sp\u00e9ciale avec Rowlands Kaotcha, PDG mondial du Hunger Project Lundi dernier, nous avons eu le plaisir d&rsquo;accueillir \u00e0 Zurich une personnalit\u00e9 exceptionnelle : Rowlands Kaotcha, PDG mondial du Hunger Project. Ce fut une journ\u00e9e riche en inspiration, en \u00e9changes et en nouvelles perspectives&#8230;.<\/p>\n","protected":false},"author":3,"featured_media":5233,"comment_status":"open","ping_status":"open","sticky":false,"template":"","format":"standard","meta":{"inline_featured_image":false,"footnotes":""},"categories":[18],"tags":[],"class_list":["post-5240","post","type-post","status-publish","format-standard","has-post-thumbnail","hentry","category-non-classifiee"],"_links":{"self":[{"href":"https:\/\/hungerprojekt.ch\/fr\/wp-json\/wp\/v2\/posts\/5240","targetHints":{"allow":["GET"]}}],"collection":[{"href":"https:\/\/hungerprojekt.ch\/fr\/wp-json\/wp\/v2\/posts"}],"about":[{"href":"https:\/\/hungerprojekt.ch\/fr\/wp-json\/wp\/v2\/types\/post"}],"author":[{"embeddable":true,"href":"https:\/\/hungerprojekt.ch\/fr\/wp-json\/wp\/v2\/users\/3"}],"replies":[{"embeddable":true,"href":"https:\/\/hungerprojekt.ch\/fr\/wp-json\/wp\/v2\/comments?post=5240"}],"version-history":[{"count":3,"href":"https:\/\/hungerprojekt.ch\/fr\/wp-json\/wp\/v2\/posts\/5240\/revisions"}],"predecessor-version":[{"id":5246,"href":"https:\/\/hungerprojekt.ch\/fr\/wp-json\/wp\/v2\/posts\/5240\/revisions\/5246"}],"wp:featuredmedia":[{"embeddable":true,"href":"https:\/\/hungerprojekt.ch\/fr\/wp-json\/wp\/v2\/media\/5233"}],"wp:attachment":[{"href":"https:\/\/hungerprojekt.ch\/fr\/wp-json\/wp\/v2\/media?parent=5240"}],"wp:term":[{"taxonomy":"category","embeddable":true,"href":"https:\/\/hungerprojekt.ch\/fr\/wp-json\/wp\/v2\/categories?post=5240"},{"taxonomy":"post_tag","embeddable":true,"href":"https:\/\/hungerprojekt.ch\/fr\/wp-json\/wp\/v2\/tags?post=5240"}],"curies":[{"name":"wp","href":"https:\/\/api.w.org\/{rel}","templated":true}]}}